{"id":843,"date":"2026-04-30T11:43:15","date_gmt":"2026-04-30T09:43:15","guid":{"rendered":"https:\/\/amm.misjonarze.pl\/?p=843"},"modified":"2026-04-30T11:43:15","modified_gmt":"2026-04-30T09:43:15","slug":"dni-formacyjne-dla-moderatorow-diecezjalnych-i-liderow-grup-amm","status":"publish","type":"post","link":"https:\/\/amm.misjonarze.pl\/?p=843","title":{"rendered":"Dni Formacyjne Dla Moderator\u00f3w Diecezjalnych  I Lider\u00f3w Grup AMM"},"content":{"rendered":"<p style=\"font-weight: 400;\">Dni Formacyjne Dla Moderator\u00f3w Diecezjalnych i\u00a0Lider\u00f3w Grup AMM<\/p>\n<p style=\"font-weight: 400;\">Toru\u0144, 18-21 sierpnia 2026\u00a0r.<\/p>\n<p style=\"font-weight: 400; text-align: justify;\">Rada Krajowa AMM zaprasza na Dni Formacyjne Dla Moderator\u00f3w i Lider\u00f3w Grup Apostolatu Maryjnego. Zg\u0142oszenia przyjmuje i informacji organizacyjnych udziela moderator krajowy <strong>Ma\u0142gorzata Maria Daszczyszak<\/strong>. Z uwagi na ograniczon\u0105 liczb\u0119 miejsc, prosimy o zg\u0142aszanie si\u0119 do <strong>dnia 30 czerwca 2026 r.\u00a0\u00a0<\/strong><\/p>\n\n    <div class=\"xs_social_share_widget xs_share_url after_content \t\tmain_content  wslu-style-1 wslu-share-box-shaped wslu-fill-colored wslu-none wslu-share-horizontal wslu-theme-font-no wslu-main_content\">\n\n\t\t\n        <ul>\n\t\t\t        <\/ul>\n    <\/div> \n","protected":false},"excerpt":{"rendered":"<p>Dni Formacyjne Dla Moderator\u00f3w Diecezjalnych i\u00a0Lider\u00f3w Grup AMM Toru\u0144, 18-21 sierpnia 2026\u00a0r. Rada Krajowa AMM zaprasza na Dni Formacyjne Dla Moderator\u00f3w i Lider\u00f3w Grup Apostolatu Maryjnego. Zg\u0142oszenia przyjmuje i informacji organizacyjnych udziela moderator krajowy Ma\u0142gorzata Maria Daszczyszak. Z uwagi na ograniczon\u0105 liczb\u0119 miejsc, prosimy o zg\u0142aszanie si\u0119 do dnia 30 czerwca 2026 r.\u00a0\u00a0<\/p>\n","protected":false},"author":1,"featured_media":845,"comment_status":"closed","ping_status":"closed","sticky":false,"template":"","format":"standard","meta":{"footnotes":""},"categories":[8],"tags":[],"class_list":["post-843","post","type-post","status-publish","format-standard","has-post-thumbnail","hentry","category-informacje"],"_links":{"self":[{"href":"https:\/\/amm.misjonarze.pl\/index.php?rest_route=\/wp\/v2\/posts\/843","targetHints":{"allow":["GET"]}}],"collection":[{"href":"https:\/\/amm.misjonarze.pl\/index.php?rest_route=\/wp\/v2\/posts"}],"about":[{"href":"https:\/\/amm.misjonarze.pl\/index.php?rest_route=\/wp\/v2\/types\/post"}],"author":[{"embeddable":true,"href":"https:\/\/amm.misjonarze.pl\/index.php?rest_route=\/wp\/v2\/users\/1"}],"replies":[{"embeddable":true,"href":"https:\/\/amm.misjonarze.pl\/index.php?rest_route=%2Fwp%2Fv2%2Fcomments&post=843"}],"version-history":[{"count":1,"href":"https:\/\/amm.misjonarze.pl\/index.php?rest_route=\/wp\/v2\/posts\/843\/revisions"}],"predecessor-version":[{"id":844,"href":"https:\/\/amm.misjonarze.pl\/index.php?rest_route=\/wp\/v2\/posts\/843\/revisions\/844"}],"wp:featuredmedia":[{"embeddable":true,"href":"https:\/\/amm.misjonarze.pl\/index.php?rest_route=\/wp\/v2\/media\/845"}],"wp:attachment":[{"href":"https:\/\/amm.misjonarze.pl\/index.php?rest_route=%2Fwp%2Fv2%2Fmedia&parent=843"}],"wp:term":[{"taxonomy":"category","embeddable":true,"href":"https:\/\/amm.misjonarze.pl\/index.php?rest_route=%2Fwp%2Fv2%2Fcategories&post=843"},{"taxonomy":"post_tag","embeddable":true,"href":"https:\/\/amm.misjonarze.pl\/index.php?rest_route=%2Fwp%2Fv2%2Ftags&post=843"}],"curies":[{"name":"wp","href":"https:\/\/api.w.org\/{rel}","templated":true}]}}