{"id":825,"date":"2026-04-29T12:49:51","date_gmt":"2026-04-29T10:49:51","guid":{"rendered":"https:\/\/amm.misjonarze.pl\/?p=825"},"modified":"2026-04-29T12:49:51","modified_gmt":"2026-04-29T10:49:51","slug":"program-i-patron-na-maj","status":"publish","type":"post","link":"https:\/\/amm.misjonarze.pl\/?p=825","title":{"rendered":"Program i patron na maj"},"content":{"rendered":"<p><strong>Program na miesi\u0105c maj:<\/strong><\/p>\n<p><strong>Pismo \u015awi\u0119te:\u00a0<\/strong>Ewangelia \u015bw. \u0141ukasza 18, 1-14.<\/p>\n<p><strong>Zdanie do powtarzania: <\/strong>A B\u00f3g, czy\u017c nie we\u017amie w obron\u0119 swoich wybranych, kt\u00f3rzy dniem i noc\u0105 wo\u0142aj\u0105 do Niego, i czy b\u0119dzie zwleka\u0142 w ich sprawie? (\u0141k 18, 7).<\/p>\n<p><strong>Spojrzenie na Matk\u0119 Bo\u017c\u0105<\/strong>. Sta\u0142e dziewictwo NMP.<\/p>\n<p><strong>Patronka miesi\u0105ca: <\/strong>Matka Bo\u017ca Kr\u00f3lowa Polski (3 maja)<\/p>\n<p class=\"p1\" style=\"text-align: justify;\">W spojrzeniu na Matk\u0119 Bo\u017c\u0105 uznajemy J\u0105 za Pani\u0105 i Kr\u00f3low\u0105 naszej Ojczyzny. Ju\u017c od zarania pa\u0144stwowo\u015bci polskiej naszym hymnem by\u0142a \u201eBogurodzica\u201d \u2013 pie\u015b\u0144 maryjna, kt\u00f3ra sta\u0142a si\u0119 pierwszym narodowym katechizmem. Dominikanie dali nam r\u00f3\u017caniec, franciszkanie godzinki, karmelici w XIV w. szkaplerz. W XVII w. jezuici tworz\u0105 Sodalicj\u0119 Maria\u0144sk\u0105. Zakony powsta\u0142e na ziemiach polskich zawi\u0105zuj\u0105 si\u0119 ku chwale Matki Naj\u015bwi\u0119tszej lub nosz\u0105 Jej imi\u0119. Kr\u00f3lowie, hetmani, wodzowie, nazywaj\u0105 siebie niewolnikami Maryi. Na piersiach nosz\u0105 Jej ryngrafy. Matka Naj\u015bwi\u0119tsza hojnie odpowiada na te przejawy szczeg\u00f3lnej czci i przywi\u0105zania. Dowodem tego s\u0105 liczne miejsca na ca\u0142ej polskiej ziemi ze s\u0142yn\u0105cymi \u0142askami wizerunkami Maryi, z kt\u00f3rych wiele uroczy\u015bcie koronowano za pozwoleniem Stolicy Apostolskiej. Dowodem macierzy\u0144skiej troski i opieki NMP nad polskim narodem s\u0105 wydarzenia dziejowe znacz\u0105ce nasz\u0105 histori\u0119. W 1410 r. ze s\u0142owami pie\u015bni \u201eBogurodzica\u201d na ustach polskie woj- ska odnosz\u0105 pod Grunwaldem wspania\u0142e zwyci\u0119stwo nad Zakonem Krzy\u017cackim. Przeor Kordecki broni Jasnej G\u00f3ry przed najazdem szwedzkim. Kr\u00f3l Jan III Sobieski, polecaj\u0105c si\u0119 wraz z rycerstwem Matce Bo\u017cej w Cz\u0119stochowie, w Krakowie, na Piaskach i w Piekarach \u015al\u0105skich, odnosi zwyci\u0119stwo w odsieczy Wiednia rozs\u0142awiaj\u0105c waleczno\u015b\u0107 rycerstwa polskiego. W 1920 r. po \u201eCudzie nad Wis\u0142\u0105\u201d papie\u017c Benedykt XV ustali\u0142 liturgiczne \u015bwi\u0119to Kr\u00f3lowej Polski na dzie\u0144 3. maja. W 1946 r. ca\u0142y nar\u00f3d polski po\u015bwi\u0119ci\u0142 si\u0119 Niepokalanemu Sercu Maryi jako swej Kr\u00f3lowej, a w 1956 r. na Jasnej G\u00f3rze dokonano aktu \u015blubowania, kt\u00f3ry ponawiany jest corocznie. Kr\u00f3lowanie Maryi jest natury duchowej i odbywa si\u0119 w szczerej mi\u0142o\u015bci wzajemnej. NMP oczekuje od nas wsp\u00f3\u0142dzia\u0142ania. Pragnie, aby\u015bmy weszli z Ni\u0105 w Jej intencje mi\u0142o\u015bci bli\u017aniego. Maryja kr\u00f3luje w \u017cyciu narodu i w sumieniu, we wzajemnej po\u017cytecznej i rzetelnej pracy. \u015aw. Maksymilian m\u00f3wi\u0142: Niepokalana wsz\u0119dzie musi by\u0107 uznana Kr\u00f3low\u0105 wszystkich i ka\u017cdego z osobna w Polsce i na ca\u0142ym \u015bwiecie. Ona widzi w ka\u017cdym cz\u0142owieku Jezusa \u017cywego i zbli\u017caj\u0105c si\u0119 do Niego z prawdziwym szacunkiem pragnie, aby\u015bmy weszli w Jej s\u0142u\u017cb\u0119 mi\u0142osierdzia wobec rozbitk\u00f3w ludzkiej spo\u0142eczno\u015bci. Taka w\u0142a\u015bnie jest nasza Kr\u00f3lowa.<span class=\"Apple-converted-space\">\u00a0 \u00a0 \u00a0 \u00a0<\/span><\/p>\n<p><strong>Zadanie apostolskie: <\/strong>Wytrwa\u0142a, pokorna modlitwa w intencjach za Ko\u015bci\u00f3\u0142 i Ojczyzn\u0119, o przemiany duchowe, nawr\u00f3cenia, uzdrowienia.<\/p>\n\n    <div class=\"xs_social_share_widget xs_share_url after_content \t\tmain_content  wslu-style-1 wslu-share-box-shaped wslu-fill-colored wslu-none wslu-share-horizontal wslu-theme-font-no wslu-main_content\">\n\n\t\t\n        <ul>\n\t\t\t        <\/ul>\n    <\/div> \n","protected":false},"excerpt":{"rendered":"<p>Program na miesi\u0105c maj: Pismo \u015awi\u0119te:\u00a0Ewangelia \u015bw. \u0141ukasza 18, 1-14. Zdanie do powtarzania: A B\u00f3g, czy\u017c nie we\u017amie w obron\u0119 swoich wybranych, kt\u00f3rzy dniem i noc\u0105 wo\u0142aj\u0105 do Niego, i czy b\u0119dzie zwleka\u0142 w ich sprawie? (\u0141k 18, 7). Spojrzenie na Matk\u0119 Bo\u017c\u0105. Sta\u0142e dziewictwo NMP. Patronka miesi\u0105ca: Matka Bo\u017ca Kr\u00f3lowa Polski (3 maja) W spojrzeniu na Matk\u0119 Bo\u017c\u0105 uznajemy [&hellip;]<\/p>\n","protected":false},"author":1,"featured_media":828,"comment_status":"closed","ping_status":"closed","sticky":false,"template":"","format":"standard","meta":{"footnotes":""},"categories":[6,4],"tags":[],"class_list":["post-825","post","type-post","status-publish","format-standard","has-post-thumbnail","hentry","category-patron","category-program"],"_links":{"self":[{"href":"https:\/\/amm.misjonarze.pl\/index.php?rest_route=\/wp\/v2\/posts\/825","targetHints":{"allow":["GET"]}}],"collection":[{"href":"https:\/\/amm.misjonarze.pl\/index.php?rest_route=\/wp\/v2\/posts"}],"about":[{"href":"https:\/\/amm.misjonarze.pl\/index.php?rest_route=\/wp\/v2\/types\/post"}],"author":[{"embeddable":true,"href":"https:\/\/amm.misjonarze.pl\/index.php?rest_route=\/wp\/v2\/users\/1"}],"replies":[{"embeddable":true,"href":"https:\/\/amm.misjonarze.pl\/index.php?rest_route=%2Fwp%2Fv2%2Fcomments&post=825"}],"version-history":[{"count":2,"href":"https:\/\/amm.misjonarze.pl\/index.php?rest_route=\/wp\/v2\/posts\/825\/revisions"}],"predecessor-version":[{"id":827,"href":"https:\/\/amm.misjonarze.pl\/index.php?rest_route=\/wp\/v2\/posts\/825\/revisions\/827"}],"wp:featuredmedia":[{"embeddable":true,"href":"https:\/\/amm.misjonarze.pl\/index.php?rest_route=\/wp\/v2\/media\/828"}],"wp:attachment":[{"href":"https:\/\/amm.misjonarze.pl\/index.php?rest_route=%2Fwp%2Fv2%2Fmedia&parent=825"}],"wp:term":[{"taxonomy":"category","embeddable":true,"href":"https:\/\/amm.misjonarze.pl\/index.php?rest_route=%2Fwp%2Fv2%2Fcategories&post=825"},{"taxonomy":"post_tag","embeddable":true,"href":"https:\/\/amm.misjonarze.pl\/index.php?rest_route=%2Fwp%2Fv2%2Ftags&post=825"}],"curies":[{"name":"wp","href":"https:\/\/api.w.org\/{rel}","templated":true}]}}