{"id":784,"date":"2026-03-03T08:00:18","date_gmt":"2026-03-03T07:00:18","guid":{"rendered":"https:\/\/amm.misjonarze.pl\/?p=784"},"modified":"2026-03-03T08:00:18","modified_gmt":"2026-03-03T07:00:18","slug":"120-lat-pod-plaszczem-maryi","status":"publish","type":"post","link":"https:\/\/amm.misjonarze.pl\/?p=784","title":{"rendered":"120 lat pod p\u0142aszczem Maryi"},"content":{"rendered":"<p class=\"p1\" style=\"text-align: justify;\"><span class=\"s1\">T<\/span>en rok stanowi wa\u017cny kamie\u0144 milowy dla Stowarzyszenia Cudownego Medalika (AMM) w Polsce, poniewa\u017c wierni obchodz\u0105 120. rocznic\u0119 jego oficjalnego powstania. Rocznica ta nie tylko honoruje bogate dziedzictwo duchowe, ale tak\u017ce odzwierciedla trwa\u0142e oddanie Polak\u00f3w Naj\u015bwi\u0119tszej Maryi Pannie, Niepokalanej.<\/p>\n<p class=\"p2\"><b>Dziedzictwo zrodzone w burzliwych czasach<\/b><\/p>\n<p class=\"p2\" style=\"text-align: justify;\">Pocz\u0105tki AMM w Polsce si\u0119gaj\u0105 8 czerwca 1905 r., kiedy to papie\u017c Pius X oficjalnie zatwierdzi\u0142 dzia\u0142alno\u015b\u0107 Stowarzyszenia na terytoriach zaboru austriackiego. W tym okresie Polska znikn\u0119\u0142a z mapy Europy, podzielona mi\u0119dzy Prusy, Rosj\u0119 i Austri\u0119. Jednak pomimo politycznych represji duch i wiara narodu polskiego pozosta\u0142y nienaruszone. W kontek\u015bcie walki, strat i t\u0119sknoty za wolno\u015bci\u0105, nabo\u017ce\u0144stwo do Cudownego Medalika sta\u0142o si\u0119 \u017ar\u00f3d\u0142em si\u0142y, to\u017csamo\u015bci i nadziei. Medalik z wizerunkiem Maryi Niepokalanej zosta\u0142 przyj\u0119ty jako symbol ochrony, jedno\u015bci i zaufania do Bo\u017cej opatrzno\u015bci. Wzmacnia\u0142 on wierz\u0105cych w czasach, gdy cz\u0119sto t\u0142umiono przejawy narodowo\u015bciowe i religijne.<\/p>\n<p class=\"p2\"><b>Rozw\u00f3j Stowarzyszenia<\/b><\/p>\n<p class=\"p2\" style=\"text-align: justify;\"><span class=\"s2\">Od skromnych pocz\u0105tk\u00f3w AMM stopniowo rozwija\u0142o <\/span><span class=\"s2\">si\u0119 w parafiach, domach i lokalnych spo\u0142eczno\u015bciach w <\/span><span class=\"s2\">Polsce. Jego misja by\u0142a prosta, ale mia\u0142a ogromny wp\u0142yw: <\/span><span class=\"s2\">zbli\u017ca\u0107 wiernych do Jezusa poprzez Maryj\u0119 i promowa\u0107 <\/span><span class=\"s2\">przes\u0142anie przekazane \u015bw. Katarzynie Labour\u00e9 w 1830 <\/span><span class=\"s2\">roku <\/span><span class=\"s2\">\u2013 <\/span><span class=\"s2\">przes\u0142anie \u0142aski, mi\u0142osierdzia i wstawiennictwa dla <\/span><span class=\"s2\">wszystkich, kt\u00f3rzy wzywaj\u0105 Matk\u0119 Bo\u017c\u0105. <\/span><span class=\"s2\">Przez dziesi\u0119ciolecia Stowarzyszenie sta\u0142o si\u0119 g\u0142\u0119boko <\/span><span class=\"s2\">zakorzenione w \u017cyciu polskich katolik\u00f3w. Cz\u0142onkowie <\/span>modlili si\u0119 podczas nowenny, promowali noszenie medalika, troszczyli si\u0119 o ubogich i brali udzia\u0142 w akcjach charytatywnych i misyjnych. <span class=\"s1\">Nawet w trudnych czasach II wojny \u015bwiatowej i okresu <\/span><span class=\"s1\">komunizmu, kiedy praktyki religijne by\u0142y ograniczone, <\/span><span class=\"s1\">AMM po cichu przetrwa\u0142o.<\/span><\/p>\n<p class=\"p1\"><span class=\"s1\"><b>Stulecie wiary, kt\u00f3re przynosi owoce<\/b><\/span><\/p>\n<p class=\"p1\" style=\"text-align: justify;\">W zwi\u0105zku z obchodami 120-lecia Stowarzyszenia, przygl\u0105damy si\u0119 niezliczonym historiom nawr\u00f3cenia, uzdrowienia i odnowionej nadziei. Rodziny zachowa\u0142y swoj\u0105 wiar\u0119 dzi\u0119ki prostemu, ale pot\u0119\u017cnemu \u015bwiadectwu Cudownego Medalika. Parafie zbudowa\u0142y silne wsp\u00f3lnoty maryjne. Wielu wiernych \u015bwiadczy o matczynej opiece Maryi w chwilach niebezpiecze\u0144stwa, choroby i niepewno\u015bci. Misja AMM pozostaje dzi\u015b tak samo aktualna jak zawsze. W \u015bwiecie pe\u0142nym moralnego zam\u0119tu, podzia\u0142\u00f3w i duchowego zm\u0119czenia Cudowny Medal nadal niesie przes\u0142anie pokoju, jedno\u015bci i \u0142aski Bo\u017cej. Maryja, Niepokalana Matka, jest przewodni\u0105 gwiazd\u0105, wzywaj\u0105c\u0105 swoje dzieci do powrotu do swojego Syna.<\/p>\n<p class=\"p1\"><b>Jubileusz \u0142aski<\/b><\/p>\n<p class=\"p1\" style=\"text-align: justify;\">120. rocznica powstania AMM w Polsce jest \u015bwiadectwem si\u0142y wiary przekazywanej z pokolenia na pokolenie. Pomimo wojen, podzia\u0142\u00f3w i zmian kulturowych jedna prawda pozosta\u0142a niezmienna: B\u00f3g nigdy nie opu\u015bci\u0142 swojego ludu poprzez Maryj\u0119. \u015awi\u0119tuj\u0105c t\u0119 historyczn\u0105 chwil\u0119, Stowarzyszenie kontynuuje t\u0119 sam\u0105 tradycj\u0119 oddania, kt\u00f3ra podtrzymywa\u0142a polskich wiernych przez ponad sto lat, z przekonaniem g\u0142osz\u0105c: <b>O Maryjo, bez grzechu pocz\u0119ta, <\/b><b>m\u00f3dl si\u0119 za nami, kt\u00f3rzy si\u0119 do Ciebie uciekamy!<\/b><\/p>\n\n    <div class=\"xs_social_share_widget xs_share_url after_content \t\tmain_content  wslu-style-1 wslu-share-box-shaped wslu-fill-colored wslu-none wslu-share-horizontal wslu-theme-font-no wslu-main_content\">\n\n\t\t\n        <ul>\n\t\t\t        <\/ul>\n    <\/div> \n","protected":false},"excerpt":{"rendered":"<p>Ten rok stanowi wa\u017cny kamie\u0144 milowy dla Stowarzyszenia Cudownego Medalika (AMM) w Polsce, poniewa\u017c wierni obchodz\u0105 120. rocznic\u0119 jego oficjalnego powstania. Rocznica ta nie tylko honoruje bogate dziedzictwo duchowe, ale tak\u017ce odzwierciedla trwa\u0142e oddanie Polak\u00f3w Naj\u015bwi\u0119tszej Maryi Pannie, Niepokalanej. Dziedzictwo zrodzone w burzliwych czasach Pocz\u0105tki AMM w Polsce si\u0119gaj\u0105 8 czerwca 1905 r., kiedy to papie\u017c Pius X oficjalnie zatwierdzi\u0142 [&hellip;]<\/p>\n","protected":false},"author":1,"featured_media":786,"comment_status":"closed","ping_status":"closed","sticky":false,"template":"","format":"standard","meta":{"footnotes":""},"categories":[8],"tags":[],"class_list":["post-784","post","type-post","status-publish","format-standard","has-post-thumbnail","hentry","category-informacje"],"_links":{"self":[{"href":"https:\/\/amm.misjonarze.pl\/index.php?rest_route=\/wp\/v2\/posts\/784","targetHints":{"allow":["GET"]}}],"collection":[{"href":"https:\/\/amm.misjonarze.pl\/index.php?rest_route=\/wp\/v2\/posts"}],"about":[{"href":"https:\/\/amm.misjonarze.pl\/index.php?rest_route=\/wp\/v2\/types\/post"}],"author":[{"embeddable":true,"href":"https:\/\/amm.misjonarze.pl\/index.php?rest_route=\/wp\/v2\/users\/1"}],"replies":[{"embeddable":true,"href":"https:\/\/amm.misjonarze.pl\/index.php?rest_route=%2Fwp%2Fv2%2Fcomments&post=784"}],"version-history":[{"count":1,"href":"https:\/\/amm.misjonarze.pl\/index.php?rest_route=\/wp\/v2\/posts\/784\/revisions"}],"predecessor-version":[{"id":785,"href":"https:\/\/amm.misjonarze.pl\/index.php?rest_route=\/wp\/v2\/posts\/784\/revisions\/785"}],"wp:featuredmedia":[{"embeddable":true,"href":"https:\/\/amm.misjonarze.pl\/index.php?rest_route=\/wp\/v2\/media\/786"}],"wp:attachment":[{"href":"https:\/\/amm.misjonarze.pl\/index.php?rest_route=%2Fwp%2Fv2%2Fmedia&parent=784"}],"wp:term":[{"taxonomy":"category","embeddable":true,"href":"https:\/\/amm.misjonarze.pl\/index.php?rest_route=%2Fwp%2Fv2%2Fcategories&post=784"},{"taxonomy":"post_tag","embeddable":true,"href":"https:\/\/amm.misjonarze.pl\/index.php?rest_route=%2Fwp%2Fv2%2Ftags&post=784"}],"curies":[{"name":"wp","href":"https:\/\/api.w.org\/{rel}","templated":true}]}}