{"id":757,"date":"2026-02-28T08:06:53","date_gmt":"2026-02-28T07:06:53","guid":{"rendered":"https:\/\/amm.misjonarze.pl\/?p=757"},"modified":"2026-02-28T08:06:53","modified_gmt":"2026-02-28T07:06:53","slug":"patronka-i-program-na-marzec","status":"publish","type":"post","link":"https:\/\/amm.misjonarze.pl\/?p=757","title":{"rendered":"Patronka i program na marzec"},"content":{"rendered":"<p><strong>Program na miesi\u0105c marzec:<\/strong><\/p>\n<p><strong>Pismo \u015awi\u0119te: <\/strong>Ewangelia \u015bw. \u0141ukasza 1, 39-45 \u2013 \u201eNaj\u015bwi\u0119tsza Maryja Panna, Aposto\u0142k\u0105 w nawiedzeniu\u00a0 \u015bw. El\u017cbiety\u201d.<\/p>\n<p><strong>Zdanie do powtarzania:<\/strong><br \/>\nMaryja wybra\u0142a si\u0119 i posz\u0142a z po\u015bpiechem w g\u00f3ry do pewnego miasta w pokoleniu Judy. \/\u0141k 1, 39\/<\/p>\n<p><strong>Spojrzenie na Matk\u0119 Bo\u017c\u0105<\/strong>.<br \/>\nB\u0142ogos\u0142awiona Maryja Dziewica, Bo\u017ca Rodzicielka w tajemnicy Chrystusa i Ko\u015bcio\u0142a.<\/p>\n<p><strong>Patronka miesi\u0105ca: <\/strong>\u015bw. Ludwika de Marillac<\/p>\n<p class=\"p1\" style=\"text-align: justify;\">Ludwika de Marillac urodzi\u0142a si\u0119 15 sierpnia 1591 r. w Pary\u017cu. W roku 1613 wysz\u0142a za m\u0105\u017c za Antoniego de Gras, kt\u00f3ry zmar\u0142 12 lat p\u00f3\u017aniej, pozostawiaj\u0105c Ludwik\u0119 z nieletnim synem. \u015aw. Ludwika wst\u0105pi\u0142a do zakonu. W roku 1625, na swego kierownika duchowego wybra\u0142a \u015bw. Wincentego a\u2019Paulo. Z jego pomoc\u0105 za\u0142o\u017cy\u0142a zakon Si\u00f3str Mi\u0142osierdzia (Szarytek), kt\u00f3re mia\u0142y opiekowa\u0107 si\u0119 ubogimi i chorymi, s\u0142u\u017cy\u0107 im pomoc\u0105 duchow\u0105 i fizyczn\u0105, odwiedzaj\u0105c ich w domach. Umar\u0142a w roku 1660. Zosta\u0142a kanonizowana 11 marca 1934 r. przez papie\u017ca Piusa XI.<\/p>\n<p><strong>Zadanie apostolskie:<\/strong><br \/>\nUczynki mi\u0142osierdzia wobec ludzi do\u015bwiadczonych cierpieniem.<\/p>\n\n    <div class=\"xs_social_share_widget xs_share_url after_content \t\tmain_content  wslu-style-1 wslu-share-box-shaped wslu-fill-colored wslu-none wslu-share-horizontal wslu-theme-font-no wslu-main_content\">\n\n\t\t\n        <ul>\n\t\t\t        <\/ul>\n    <\/div> \n","protected":false},"excerpt":{"rendered":"<p>Program na miesi\u0105c marzec: Pismo \u015awi\u0119te: Ewangelia \u015bw. \u0141ukasza 1, 39-45 \u2013 \u201eNaj\u015bwi\u0119tsza Maryja Panna, Aposto\u0142k\u0105 w nawiedzeniu\u00a0 \u015bw. El\u017cbiety\u201d. Zdanie do powtarzania: Maryja wybra\u0142a si\u0119 i posz\u0142a z po\u015bpiechem w g\u00f3ry do pewnego miasta w pokoleniu Judy. \/\u0141k 1, 39\/ Spojrzenie na Matk\u0119 Bo\u017c\u0105. B\u0142ogos\u0142awiona Maryja Dziewica, Bo\u017ca Rodzicielka w tajemnicy Chrystusa i Ko\u015bcio\u0142a. Patronka miesi\u0105ca: \u015bw. Ludwika de [&hellip;]<\/p>\n","protected":false},"author":1,"featured_media":758,"comment_status":"closed","ping_status":"closed","sticky":false,"template":"","format":"standard","meta":{"footnotes":""},"categories":[6,4],"tags":[],"class_list":["post-757","post","type-post","status-publish","format-standard","has-post-thumbnail","hentry","category-patron","category-program"],"_links":{"self":[{"href":"https:\/\/amm.misjonarze.pl\/index.php?rest_route=\/wp\/v2\/posts\/757","targetHints":{"allow":["GET"]}}],"collection":[{"href":"https:\/\/amm.misjonarze.pl\/index.php?rest_route=\/wp\/v2\/posts"}],"about":[{"href":"https:\/\/amm.misjonarze.pl\/index.php?rest_route=\/wp\/v2\/types\/post"}],"author":[{"embeddable":true,"href":"https:\/\/amm.misjonarze.pl\/index.php?rest_route=\/wp\/v2\/users\/1"}],"replies":[{"embeddable":true,"href":"https:\/\/amm.misjonarze.pl\/index.php?rest_route=%2Fwp%2Fv2%2Fcomments&post=757"}],"version-history":[{"count":3,"href":"https:\/\/amm.misjonarze.pl\/index.php?rest_route=\/wp\/v2\/posts\/757\/revisions"}],"predecessor-version":[{"id":761,"href":"https:\/\/amm.misjonarze.pl\/index.php?rest_route=\/wp\/v2\/posts\/757\/revisions\/761"}],"wp:featuredmedia":[{"embeddable":true,"href":"https:\/\/amm.misjonarze.pl\/index.php?rest_route=\/wp\/v2\/media\/758"}],"wp:attachment":[{"href":"https:\/\/amm.misjonarze.pl\/index.php?rest_route=%2Fwp%2Fv2%2Fmedia&parent=757"}],"wp:term":[{"taxonomy":"category","embeddable":true,"href":"https:\/\/amm.misjonarze.pl\/index.php?rest_route=%2Fwp%2Fv2%2Fcategories&post=757"},{"taxonomy":"post_tag","embeddable":true,"href":"https:\/\/amm.misjonarze.pl\/index.php?rest_route=%2Fwp%2Fv2%2Ftags&post=757"}],"curies":[{"name":"wp","href":"https:\/\/api.w.org\/{rel}","templated":true}]}}