{"id":617,"date":"2025-12-03T09:17:11","date_gmt":"2025-12-03T08:17:11","guid":{"rendered":"https:\/\/amm.misjonarze.pl\/?p=617"},"modified":"2025-12-03T11:06:46","modified_gmt":"2025-12-03T10:06:46","slug":"program-i-patronka-na-grudzien","status":"publish","type":"post","link":"https:\/\/amm.misjonarze.pl\/?p=617","title":{"rendered":"Program i patronka na grudzie\u0144"},"content":{"rendered":"<p><strong>Program na miesi\u0105c grudzie\u0144:<\/strong><br \/>\nPismo \u015awi\u0119te: Pierwszy list \u015bw. Jana: 1 J 4, 7 -21 \u201eB\u00f3g \u017ar\u00f3d\u0142em mi\u0142o\u015bci\u201d<br \/>\nZdanie do powtarzania: \u201e<em>Kto nie mi\u0142uje brata swego, kt\u00f3rego widzi, nie mo\u017ce mi\u0142owa\u0107 Boga kt\u00f3rego nie widzi. \u201e\/1 J 4, 20\/<\/em><br \/>\nSpojrzenie na Matk\u0119 Bo\u017c\u0105: Prawda o Niepokalanym Pocz\u0119ciu NMP w Pi\u015bmie \u015awi\u0119tym.<br \/>\nZadanie apostolskie:<br \/>\n\u201eKa\u017cdy cz\u0142owiek Jest \u017bywym Sakramentem Chrystusa\u201d.\u201dWszystko, co uczynili\u015bcie jednemu z Tych moich braci najmniejszych, Mnie\u015bcie uczynili\u2019. \/Mt 25,40\/<\/p>\n<p><strong>Patronka miesi\u0105ca grudnia:<\/strong><br \/>\nNiepokalana NMP (8 XII)<\/p>\n<p>Dogmat o Niepokalanym Pocz\u0119ciu NMP zosta\u0142 og\u0142oszony 8 XII 1854 r. bull\u0105 \u201eIneffabilis Deus\u201d wydany przez papie\u017c Piusa IX.<\/p>\n<p>Maryja wesz\u0142a w byt ludzki nie obci\u0105\u017cona dziedzictwem grzech pierworodnego. Od jego zmazy zosta\u0142a ustrze\u017cona dzi\u0119ki powo\u0142aniu Jej przez Boga na Matk\u0119 Zbawiciela \u015awiata.<\/p>\n<p>Definicja dogmatyczna poleca, aby wszyscy wierni mocno i stale wierzyli w Nauk\u0119 o Niepokalanym Pocz\u0119ciu, gdy\u017c prawda to jest objawiona przez Boga. Jest wyrazem powszechnej wiary Ko\u015bcio\u0142a, czemu daj\u0105 wyraz obchody \u015awi\u0119ta Niepokalanego Pocz\u0119cia NMP.<\/p>\n\n    <div class=\"xs_social_share_widget xs_share_url after_content \t\tmain_content  wslu-style-1 wslu-share-box-shaped wslu-fill-colored wslu-none wslu-share-horizontal wslu-theme-font-no wslu-main_content\">\n\n\t\t\n        <ul>\n\t\t\t        <\/ul>\n    <\/div> \n","protected":false},"excerpt":{"rendered":"<p>Program na miesi\u0105c grudzie\u0144: Pismo \u015awi\u0119te: Pierwszy list \u015bw. Jana: 1 J 4, 7 -21 \u201eB\u00f3g \u017ar\u00f3d\u0142em mi\u0142o\u015bci\u201d Zdanie do powtarzania: \u201eKto nie mi\u0142uje brata swego, kt\u00f3rego widzi, nie mo\u017ce mi\u0142owa\u0107 Boga kt\u00f3rego nie widzi. \u201e\/1 J 4, 20\/ Spojrzenie na Matk\u0119 Bo\u017c\u0105: Prawda o Niepokalanym Pocz\u0119ciu NMP w Pi\u015bmie \u015awi\u0119tym. Zadanie apostolskie: \u201eKa\u017cdy cz\u0142owiek Jest \u017bywym Sakramentem Chrystusa\u201d.\u201dWszystko, co [&hellip;]<\/p>\n","protected":false},"author":1,"featured_media":639,"comment_status":"closed","ping_status":"closed","sticky":false,"template":"","format":"standard","meta":{"footnotes":""},"categories":[6,4],"tags":[],"class_list":["post-617","post","type-post","status-publish","format-standard","has-post-thumbnail","hentry","category-patron","category-program"],"_links":{"self":[{"href":"https:\/\/amm.misjonarze.pl\/index.php?rest_route=\/wp\/v2\/posts\/617","targetHints":{"allow":["GET"]}}],"collection":[{"href":"https:\/\/amm.misjonarze.pl\/index.php?rest_route=\/wp\/v2\/posts"}],"about":[{"href":"https:\/\/amm.misjonarze.pl\/index.php?rest_route=\/wp\/v2\/types\/post"}],"author":[{"embeddable":true,"href":"https:\/\/amm.misjonarze.pl\/index.php?rest_route=\/wp\/v2\/users\/1"}],"replies":[{"embeddable":true,"href":"https:\/\/amm.misjonarze.pl\/index.php?rest_route=%2Fwp%2Fv2%2Fcomments&post=617"}],"version-history":[{"count":3,"href":"https:\/\/amm.misjonarze.pl\/index.php?rest_route=\/wp\/v2\/posts\/617\/revisions"}],"predecessor-version":[{"id":620,"href":"https:\/\/amm.misjonarze.pl\/index.php?rest_route=\/wp\/v2\/posts\/617\/revisions\/620"}],"wp:featuredmedia":[{"embeddable":true,"href":"https:\/\/amm.misjonarze.pl\/index.php?rest_route=\/wp\/v2\/media\/639"}],"wp:attachment":[{"href":"https:\/\/amm.misjonarze.pl\/index.php?rest_route=%2Fwp%2Fv2%2Fmedia&parent=617"}],"wp:term":[{"taxonomy":"category","embeddable":true,"href":"https:\/\/amm.misjonarze.pl\/index.php?rest_route=%2Fwp%2Fv2%2Fcategories&post=617"},{"taxonomy":"post_tag","embeddable":true,"href":"https:\/\/amm.misjonarze.pl\/index.php?rest_route=%2Fwp%2Fv2%2Ftags&post=617"}],"curies":[{"name":"wp","href":"https:\/\/api.w.org\/{rel}","templated":true}]}}