{"id":597,"date":"2025-11-08T11:54:59","date_gmt":"2025-11-08T10:54:59","guid":{"rendered":"https:\/\/amm.misjonarze.pl\/?p=597"},"modified":"2025-11-08T12:24:35","modified_gmt":"2025-11-08T11:24:35","slug":"patronka-miesiaca-listopada","status":"publish","type":"post","link":"https:\/\/amm.misjonarze.pl\/?p=597","title":{"rendered":"Patronka miesi\u0105ca listopada"},"content":{"rendered":"<p><strong><span class=\"a_GcMg font-feature-liga-off font-feature-clig-off font-feature-calt-off text-decoration-none text-strikethrough-none\">\u015aw. Katarzyna Laboure \u2013 28 Listopada<\/span><\/strong><\/p>\n<p style=\"text-align: justify;\"><span class=\"a_GcMg font-feature-liga-off font-feature-clig-off font-feature-calt-off text-decoration-none text-strikethrough-none\">Urodzi\u0142a si\u0119 2 maja 1806 r. w Fain-les-Mou-tiers w Burgundii (Francja), jako \u00f3sme z siedemna\u015bciorga dzieci, z kt\u00f3rych siedmioro zmar\u0142o w dzieci\u0144stwie. W dziewi\u0105tym roku \u017cycia prze\u017cy\u0142a \u015bmier\u0107 matki. Wtedy powierzy\u0142a si\u0119 ca\u0142kowicie Maryi z pro\u015bb\u0105, by by\u0142a jej Matk\u0105. W 24 roku \u017cycia wst\u0119puje do Zgromadzenia Si\u00f3str Mi\u0142osierdzia. Po przybyciu do Pary\u017ca na Rue du Ba\u0107 maj\u0105 miejsce jej s\u0142ynne objawienia. W czasie objawienia dnia 27 listopada Matka Bo\u017ca poleca \u015bw. Katarzynie wykonanie medalu wed\u0142ug objawionego wzoru. Napis, kt\u00f3ry otacza posta\u0107 Naj\u015bwi\u0119tszej Panienki przyczyni\u0142 si\u0119 do przyspieszenia og\u0142oszenia dogmatu o Niepokalanym Pocz\u0119ciu NMP. \u015aw. Katarzyna zmar\u0142a w 1876 r. Jak wz\u00f3r pracowito\u015bci i skromno\u015bci. Zas\u0142yn\u0119\u0142a powiedzeniem: \u201er\u0119ce przy pracy, serce przy Bogu\u201d. W poczet b\u0142ogos\u0142awionych zosta\u0142a zaliczona w 1933 r. a w 1947 r. papie\u017c Pius XII og\u0142osi\u0142 j\u0105 \u015bwi\u0119t\u0105.<\/span><\/p>\n","protected":false},"excerpt":{"rendered":"<p>\u015aw. Katarzyna Laboure \u2013 28 Listopada Urodzi\u0142a si\u0119 2 maja 1806 r. w Fain-les-Mou-tiers w Burgundii (Francja), jako \u00f3sme z siedemna\u015bciorga dzieci, z kt\u00f3rych siedmioro zmar\u0142o w dzieci\u0144stwie. W dziewi\u0105tym roku \u017cycia prze\u017cy\u0142a \u015bmier\u0107 matki. Wtedy powierzy\u0142a si\u0119 ca\u0142kowicie Maryi z pro\u015bb\u0105, by by\u0142a jej Matk\u0105. W 24 roku \u017cycia wst\u0119puje do Zgromadzenia Si\u00f3str Mi\u0142osierdzia. Po przybyciu do Pary\u017ca na [&hellip;]<\/p>\n","protected":false},"author":1,"featured_media":599,"comment_status":"closed","ping_status":"closed","sticky":false,"template":"","format":"standard","meta":{"footnotes":""},"categories":[6],"tags":[],"class_list":["post-597","post","type-post","status-publish","format-standard","has-post-thumbnail","hentry","category-patron"],"_links":{"self":[{"href":"https:\/\/amm.misjonarze.pl\/index.php?rest_route=\/wp\/v2\/posts\/597","targetHints":{"allow":["GET"]}}],"collection":[{"href":"https:\/\/amm.misjonarze.pl\/index.php?rest_route=\/wp\/v2\/posts"}],"about":[{"href":"https:\/\/amm.misjonarze.pl\/index.php?rest_route=\/wp\/v2\/types\/post"}],"author":[{"embeddable":true,"href":"https:\/\/amm.misjonarze.pl\/index.php?rest_route=\/wp\/v2\/users\/1"}],"replies":[{"embeddable":true,"href":"https:\/\/amm.misjonarze.pl\/index.php?rest_route=%2Fwp%2Fv2%2Fcomments&post=597"}],"version-history":[{"count":1,"href":"https:\/\/amm.misjonarze.pl\/index.php?rest_route=\/wp\/v2\/posts\/597\/revisions"}],"predecessor-version":[{"id":598,"href":"https:\/\/amm.misjonarze.pl\/index.php?rest_route=\/wp\/v2\/posts\/597\/revisions\/598"}],"wp:featuredmedia":[{"embeddable":true,"href":"https:\/\/amm.misjonarze.pl\/index.php?rest_route=\/wp\/v2\/media\/599"}],"wp:attachment":[{"href":"https:\/\/amm.misjonarze.pl\/index.php?rest_route=%2Fwp%2Fv2%2Fmedia&parent=597"}],"wp:term":[{"taxonomy":"category","embeddable":true,"href":"https:\/\/amm.misjonarze.pl\/index.php?rest_route=%2Fwp%2Fv2%2Fcategories&post=597"},{"taxonomy":"post_tag","embeddable":true,"href":"https:\/\/amm.misjonarze.pl\/index.php?rest_route=%2Fwp%2Fv2%2Ftags&post=597"}],"curies":[{"name":"wp","href":"https:\/\/api.w.org\/{rel}","templated":true}]}}